{"id":724,"date":"2022-06-15T09:17:22","date_gmt":"2022-06-15T09:17:22","guid":{"rendered":"https:\/\/xn--espaolconmaite-tnb.com\/?p=724"},"modified":"2022-06-15T09:17:22","modified_gmt":"2022-06-15T09:17:22","slug":"la-palabra-del-ano-en-espanol-en-2021","status":"publish","type":"post","link":"https:\/\/spanishwithmaite.com\/index.php\/2022\/06\/15\/la-palabra-del-ano-en-espanol-en-2021\/","title":{"rendered":"La palabra del a\u00f1o en espa\u00f1ol en 2021"},"content":{"rendered":"<p>La palabra del a\u00f1o en espa\u00f1ol en 2021 fue \u00ab<strong>vacuna\u00bb.<\/strong><\/p>\n<p>Esta palabra ha llenado nuestras bocas, nuestras noticias y nuestras vidas desde que apareci\u00f3 el Covid 19.<\/p>\n<p>Y junto a ella \u00ab<strong>triaje\u00bb, \u00abcovid\u00bb o \u00abpandemia\u00bb,<\/strong> entre otras.<\/p>\n<p>Estos \u00faltimos a\u00f1os han llegado cargados de palabras nuevas de las que ya no nos hemos separado como \u00ab<a href=\"https:\/\/dle.rae.es\/criptomoneda?m=form\">\u00abcriptomoneda\u00bb<\/a><strong>\u00a0<\/strong>o de otras que casi no us\u00e1bamos y ahora forman parte de nuestro vocabulario habitual. \u00bfQui\u00e9n no ha usado t\u00e9rminos como \u00ab<strong>confinamiento\u00bb o \u00abnegacionista\u00bb<\/strong> en nuestros d\u00edas?<\/p>\n<p>Incluso, <a href=\"https:\/\/dle.rae.es\/resiliencia\">resiliencia<\/a>\u00a0se ha convertido casi en la palabra del a\u00f1o, del siglo o de \u00faltima moda.<\/p>\n<p>Otras palabras que tambi\u00e9n se est\u00e1n usando mucho m\u00e1s de lo que quisi\u00e9ramos en un mundo ideal son \u00ab<strong>guerra\u00bb, \u00abdesabastecimiento\u00bb, \u00abrefugiado\u00bb, \u00abputinesco\u00bb<\/strong>, etc.<\/p>\n<p>Rastreando un poco a trav\u00e9s de los medios de comunicaci\u00f3n nos damos cuenta de que hay palabras, que pueden ser nuevas o no, pero no las recoge el diccionario y s\u00ed est\u00e1n en el lenguaje coloquial, son \u00ab<strong>inquiokupa\u00bb o \u00abeurodrama\u00bb.<\/strong><\/p>\n<h3>La lengua espa\u00f1ola es una de las lenguas m\u00e1s habladas del mundo.<\/h3>\n<p><strong>La lengua espa\u00f1ola<\/strong> es una de las lenguas m\u00e1s habladas del mundo, la hablan casi 600 millones de personas, es la <a href=\"https:\/\/xn--espaolconmaite-tnb.com\/index.php\/2022\/04\/27\/aprender-a-hablar-espanol-es-una-oportunidad\/\" target=\"_blank\" rel=\"noopener\">lengua<\/a>\u00a0oficial de 20 pa\u00edses y es una lengua con un vocabulario muy rico.<\/p>\n<p>Seg\u00fan la RAE tenemos m\u00e1s de 93000 palabras y casi un 20% de ellas son <strong>americanismos, anglicismos o pr\u00e9stamos de otras lenguas.<\/strong><\/p>\n<p>La lengua est\u00e1 viva, recibe influencias constantes de todo tipo y una de ellas es, sin duda,<strong> la digitalizaci\u00f3n<\/strong> que ha aportado palabras como \u00ab<strong>criptomoneda\u00bb, \u00abbitcoin\u00bb o \u00abwebinario\u00bb.<\/strong> \u00bfQui\u00e9n conoc\u00eda estas palabras hace tan solo diez a\u00f1os?<\/p>\n<p>Sin embargo, leyendo titulares y art\u00edculos de diarios me he dado cuenta de que algunas de las palabras m\u00e1s utilizadas son las que tienen relaci\u00f3n con el mundo de la pol\u00edtica.<\/p>\n<p>Como <strong>\u201cvida\u201d, \u201ctiempo\u201d, \u201cgobierno\u201d, \u201cpresidente\u201d, \u201cmillones, \u201ctrabajo\u201d o \u201cmadre\u201d<\/strong>, entre otras muchas otras.<\/p>\n<h3>\u00bfNecesito tantas palabras para aprender espa\u00f1ol?<\/h3>\n<p>\u00a1No! Ni mucho menos.<\/p>\n<p>No necesitar\u00e1s las m\u00e1s de 93000 palabras para hablar en espa\u00f1ol, \u00a1no te asustes!<\/p>\n<p>Si me est\u00e1s leyendo supongo que tienes un nivel intermedio y ahora lo que te hace falta es seguir insistiendo, no perder la pr\u00e1ctica, leer y hablar y el vocabulario llegar\u00e1 solo, sin darte cuenta.<\/p>\n<p>La experiencia con mis alumnos me ha ense\u00f1ado que se puede aprender mucho con ganas y ayuda. Con la ayuda de tu profesor o profesora y con tu voluntad de ir escuchando alg\u00fan podcast y leyendo noticias o libros. Has de ir poco a poco consolidando las bases que ya no te abandonar\u00e1n nunca.<\/p>\n<p>Muchas de las palabras que contiene el diccionario est\u00e1n en desuso, otras pertenecen a distintos <strong>\u00e1mbitos profesionales y culturales y algunas son extremadamente cultas y no se usan en el lenguaje coloquial.<\/strong><\/p>\n<p><strong>La lengua est\u00e1 en constante movimient<\/strong>o, cada d\u00eda hay nuevos t\u00e9rminos que se adoptan y otros que se pierden o sustituyen.<\/p>\n<p><strong>Para hablar un espa\u00f1ol b\u00e1sico tendr\u00e1s suficiente con unas 300 palabras<\/strong> y si hablas de una forma m\u00e1s culta ser\u00e1n unas 500 aproximadamente. Evidentemente, un escritor, un fil\u00f3logo o un periodista usar\u00e1n muchas m\u00e1s.<\/p>\n<p>Es un trabajo en el que necesitas encontrar siempre las palabras m\u00e1s adecuadas, los sin\u00f3nimos y palabras espec\u00edficas para cada tema que trata. Pero eso no es la <a href=\"https:\/\/www.wordreference.com\/es\/en\/translation.asp?spen=cotidianidad\">cotidianidad.<\/a><\/p>\n<p>En la vida diaria y para mantener una comunicaci\u00f3n solo necesitas un vocabulario b\u00e1sico y ganas de hablar.<\/p>\n<p>\u00a1An\u00edmate y contacta conmigo si tienes dudas!<\/p>\n<p>Nos vemos pronto&#8230;<\/p>\n<p>&nbsp;<\/p>\n","protected":false},"excerpt":{"rendered":"<p>La palabra del a\u00f1o en espa\u00f1ol en 2021 fue \u00abvacuna\u00bb. Esta palabra ha llenado nuestras bocas, nuestras noticias y nuestras vidas desde que apareci\u00f3 el Covid 19. Y junto a ella \u00abtriaje\u00bb, \u00abcovid\u00bb o \u00abpandemia\u00bb, entre otras. Estos \u00faltimos a\u00f1os han llegado cargados de palabras nuevas de las que ya no nos hemos separado como&hellip;&nbsp;<a href=\"https:\/\/spanishwithmaite.com\/index.php\/2022\/06\/15\/la-palabra-del-ano-en-espanol-en-2021\/\" rel=\"bookmark\">Leer m\u00e1s &raquo;<span class=\"screen-reader-text\">La palabra del a\u00f1o en espa\u00f1ol en 2021<\/span><\/a><\/p>\n","protected":false},"author":1,"featured_media":735,"comment_status":"open","ping_status":"open","sticky":false,"template":"","format":"standard","meta":{"neve_meta_sidebar":"","neve_meta_container":"","neve_meta_enable_content_width":"off","neve_meta_content_width":70,"neve_meta_title_alignment":"","neve_meta_author_avatar":"","neve_post_elements_order":"","neve_meta_disable_header":"","neve_meta_disable_footer":"","neve_meta_disable_title":"","episode_type":"","audio_file":"","cover_image":"","cover_image_id":"","duration":"","filesize":"","date_recorded":"","explicit":"","block":"","itunes_episode_number":"","itunes_title":"","itunes_season_number":"","itunes_episode_type":"","filesize_raw":"","footnotes":""},"categories":[1],"tags":[17,18,19],"class_list":["post-724","post","type-post","status-publish","format-standard","has-post-thumbnail","hentry","category-learning-spanish","tag-espanol","tag-learningspanish","tag-vocabulario"],"yoast_head":"<!-- This site is optimized with the Yoast SEO plugin v25.0 - https:\/\/yoast.com\/wordpress\/plugins\/seo\/ -->\n<title>La palabra del a\u00f1o en espa\u00f1ol - Blog- vocabulario - Espa&ntilde;ol con Maite<\/title>\n<meta name=\"description\" content=\"La palabra del a\u00f1o 2021 fue &quot;vacuna&quot;, pero el castellano es una lengua en constante evoluci\u00f3n y cada d\u00eda a\u00f1adimos nuevas palabras.\" \/>\n<meta name=\"robots\" content=\"index, follow, max-snippet:-1, max-image-preview:large, max-video-preview:-1\" \/>\n<link rel=\"canonical\" href=\"https:\/\/spanishwithmaite.com\/index.php\/2022\/06\/15\/la-palabra-del-ano-en-espanol-en-2021\/\" \/>\n<meta property=\"og:locale\" content=\"es_ES\" \/>\n<meta property=\"og:type\" content=\"article\" \/>\n<meta property=\"og:title\" content=\"La palabra del a\u00f1o en espa\u00f1ol - Blog- vocabulario - Espa&ntilde;ol con Maite\" \/>\n<meta property=\"og:description\" content=\"La palabra del a\u00f1o 2021 fue &quot;vacuna&quot;, pero el castellano es una lengua en constante evoluci\u00f3n y cada d\u00eda a\u00f1adimos nuevas palabras.\" \/>\n<meta property=\"og:url\" content=\"https:\/\/spanishwithmaite.com\/index.php\/2022\/06\/15\/la-palabra-del-ano-en-espanol-en-2021\/\" \/>\n<meta property=\"og:site_name\" content=\"Espa&ntilde;ol con Maite\" \/>\n<meta property=\"article:author\" content=\"https:\/\/www.facebook.com\/Maitespanish\" \/>\n<meta property=\"article:published_time\" content=\"2022-06-15T09:17:22+00:00\" \/>\n<meta property=\"og:image\" content=\"https:\/\/spanishwithmaite.com\/wp-content\/uploads\/2022\/06\/brano-QSuou3VAtf4-unsplash-1.jpg\" \/>\n\t<meta property=\"og:image:width\" content=\"1500\" \/>\n\t<meta property=\"og:image:height\" content=\"844\" \/>\n\t<meta property=\"og:image:type\" content=\"image\/jpeg\" \/>\n<meta name=\"author\" content=\"Maite\" \/>\n<meta name=\"twitter:card\" content=\"summary_large_image\" \/>\n<meta name=\"twitter:label1\" content=\"Escrito por\" \/>\n\t<meta name=\"twitter:data1\" content=\"Maite\" \/>\n\t<meta name=\"twitter:label2\" content=\"Tiempo de lectura\" \/>\n\t<meta name=\"twitter:data2\" content=\"3 minutos\" \/>\n<script type=\"application\/ld+json\" class=\"yoast-schema-graph\">{\"@context\":\"https:\/\/schema.org\",\"@graph\":[{\"@type\":\"Article\",\"@id\":\"https:\/\/spanishwithmaite.com\/index.php\/2022\/06\/15\/la-palabra-del-ano-en-espanol-en-2021\/#article\",\"isPartOf\":{\"@id\":\"https:\/\/spanishwithmaite.com\/index.php\/2022\/06\/15\/la-palabra-del-ano-en-espanol-en-2021\/\"},\"author\":{\"name\":\"Maite\",\"@id\":\"https:\/\/spanishwithmaite.com\/#\/schema\/person\/57a6106ecaeb16f9b499c127e26db16b\"},\"headline\":\"La palabra del a\u00f1o en espa\u00f1ol en 2021\",\"datePublished\":\"2022-06-15T09:17:22+00:00\",\"mainEntityOfPage\":{\"@id\":\"https:\/\/spanishwithmaite.com\/index.php\/2022\/06\/15\/la-palabra-del-ano-en-espanol-en-2021\/\"},\"wordCount\":628,\"commentCount\":0,\"publisher\":{\"@id\":\"https:\/\/spanishwithmaite.com\/#organization\"},\"image\":{\"@id\":\"https:\/\/spanishwithmaite.com\/index.php\/2022\/06\/15\/la-palabra-del-ano-en-espanol-en-2021\/#primaryimage\"},\"thumbnailUrl\":\"https:\/\/spanishwithmaite.com\/wp-content\/uploads\/2022\/06\/brano-QSuou3VAtf4-unsplash-1.jpg\",\"keywords\":[\"espa\u00f1ol\",\"learningspanish\",\"vocabulario\"],\"articleSection\":[\"Learning Spanish\"],\"inLanguage\":\"es\",\"potentialAction\":[{\"@type\":\"CommentAction\",\"name\":\"Comment\",\"target\":[\"https:\/\/spanishwithmaite.com\/index.php\/2022\/06\/15\/la-palabra-del-ano-en-espanol-en-2021\/#respond\"]}]},{\"@type\":\"WebPage\",\"@id\":\"https:\/\/spanishwithmaite.com\/index.php\/2022\/06\/15\/la-palabra-del-ano-en-espanol-en-2021\/\",\"url\":\"https:\/\/spanishwithmaite.com\/index.php\/2022\/06\/15\/la-palabra-del-ano-en-espanol-en-2021\/\",\"name\":\"La palabra del a\u00f1o en espa\u00f1ol - Blog- vocabulario - Espa&ntilde;ol con Maite\",\"isPartOf\":{\"@id\":\"https:\/\/spanishwithmaite.com\/#website\"},\"primaryImageOfPage\":{\"@id\":\"https:\/\/spanishwithmaite.com\/index.php\/2022\/06\/15\/la-palabra-del-ano-en-espanol-en-2021\/#primaryimage\"},\"image\":{\"@id\":\"https:\/\/spanishwithmaite.com\/index.php\/2022\/06\/15\/la-palabra-del-ano-en-espanol-en-2021\/#primaryimage\"},\"thumbnailUrl\":\"https:\/\/spanishwithmaite.com\/wp-content\/uploads\/2022\/06\/brano-QSuou3VAtf4-unsplash-1.jpg\",\"datePublished\":\"2022-06-15T09:17:22+00:00\",\"description\":\"La palabra del a\u00f1o 2021 fue \\\"vacuna\\\", pero el castellano es una lengua en constante evoluci\u00f3n y cada d\u00eda a\u00f1adimos nuevas palabras.\",\"breadcrumb\":{\"@id\":\"https:\/\/spanishwithmaite.com\/index.php\/2022\/06\/15\/la-palabra-del-ano-en-espanol-en-2021\/#breadcrumb\"},\"inLanguage\":\"es\",\"potentialAction\":[{\"@type\":\"ReadAction\",\"target\":[\"https:\/\/spanishwithmaite.com\/index.php\/2022\/06\/15\/la-palabra-del-ano-en-espanol-en-2021\/\"]}]},{\"@type\":\"ImageObject\",\"inLanguage\":\"es\",\"@id\":\"https:\/\/spanishwithmaite.com\/index.php\/2022\/06\/15\/la-palabra-del-ano-en-espanol-en-2021\/#primaryimage\",\"url\":\"https:\/\/spanishwithmaite.com\/wp-content\/uploads\/2022\/06\/brano-QSuou3VAtf4-unsplash-1.jpg\",\"contentUrl\":\"https:\/\/spanishwithmaite.com\/wp-content\/uploads\/2022\/06\/brano-QSuou3VAtf4-unsplash-1.jpg\",\"width\":1500,\"height\":844,\"caption\":\"La palabra del a\u00f1o en espa\u00f1ol\"},{\"@type\":\"BreadcrumbList\",\"@id\":\"https:\/\/spanishwithmaite.com\/index.php\/2022\/06\/15\/la-palabra-del-ano-en-espanol-en-2021\/#breadcrumb\",\"itemListElement\":[{\"@type\":\"ListItem\",\"position\":1,\"name\":\"Portada\",\"item\":\"https:\/\/spanishwithmaite.com\/\"},{\"@type\":\"ListItem\",\"position\":2,\"name\":\"La palabra del a\u00f1o en espa\u00f1ol en 2021\"}]},{\"@type\":\"WebSite\",\"@id\":\"https:\/\/spanishwithmaite.com\/#website\",\"url\":\"https:\/\/spanishwithmaite.com\/\",\"name\":\"Espa&ntilde;ol con Maite\",\"description\":\"Blog para aprender y practicar espa&ntilde;ol\",\"publisher\":{\"@id\":\"https:\/\/spanishwithmaite.com\/#organization\"},\"potentialAction\":[{\"@type\":\"SearchAction\",\"target\":{\"@type\":\"EntryPoint\",\"urlTemplate\":\"https:\/\/spanishwithmaite.com\/?s={search_term_string}\"},\"query-input\":{\"@type\":\"PropertyValueSpecification\",\"valueRequired\":true,\"valueName\":\"search_term_string\"}}],\"inLanguage\":\"es\"},{\"@type\":\"Organization\",\"@id\":\"https:\/\/spanishwithmaite.com\/#organization\",\"name\":\"Espa&ntilde;ol con Maite\",\"url\":\"https:\/\/spanishwithmaite.com\/\",\"logo\":{\"@type\":\"ImageObject\",\"inLanguage\":\"es\",\"@id\":\"https:\/\/spanishwithmaite.com\/#\/schema\/logo\/image\/\",\"url\":\"https:\/\/spanishwithmaite.com\/wp-content\/uploads\/2022\/05\/Black-and-White-Minimalist-Initials-Logo-Template.png\",\"contentUrl\":\"https:\/\/spanishwithmaite.com\/wp-content\/uploads\/2022\/05\/Black-and-White-Minimalist-Initials-Logo-Template.png\",\"width\":500,\"height\":500,\"caption\":\"Espa&ntilde;ol con Maite\"},\"image\":{\"@id\":\"https:\/\/spanishwithmaite.com\/#\/schema\/logo\/image\/\"}},{\"@type\":\"Person\",\"@id\":\"https:\/\/spanishwithmaite.com\/#\/schema\/person\/57a6106ecaeb16f9b499c127e26db16b\",\"name\":\"Maite\",\"image\":{\"@type\":\"ImageObject\",\"inLanguage\":\"es\",\"@id\":\"https:\/\/spanishwithmaite.com\/#\/schema\/person\/image\/\",\"url\":\"https:\/\/spanishwithmaite.com\/wp-content\/litespeed\/avatar\/ef7e1d8168406add71a946ee89fb0028.jpg?ver=1777543641\",\"contentUrl\":\"https:\/\/spanishwithmaite.com\/wp-content\/litespeed\/avatar\/ef7e1d8168406add71a946ee89fb0028.jpg?ver=1777543641\",\"caption\":\"Maite\"},\"description\":\"Licenciada en filolog\u00eda espa\u00f1ola. Correctora de estilo literario. Redactora de contenidos. Copywritter y profesora de espa\u00f1ol para extranjeros.\",\"sameAs\":[\"https:\/\/xn--espaolconmaite-tnb.com\",\"https:\/\/www.facebook.com\/Maitespanish\",\"https:\/\/www.instagram.com\/espanol_conmaite\/\"],\"url\":\"https:\/\/spanishwithmaite.com\/index.php\/author\/admin\/\"}]}<\/script>\n<!-- \/ Yoast SEO plugin. -->","yoast_head_json":{"title":"La palabra del a\u00f1o en espa\u00f1ol - Blog- vocabulario - Espa&ntilde;ol con Maite","description":"La palabra del a\u00f1o 2021 fue \"vacuna\", pero el castellano es una lengua en constante evoluci\u00f3n y cada d\u00eda a\u00f1adimos nuevas palabras.","robots":{"index":"index","follow":"follow","max-snippet":"max-snippet:-1","max-image-preview":"max-image-preview:large","max-video-preview":"max-video-preview:-1"},"canonical":"https:\/\/spanishwithmaite.com\/index.php\/2022\/06\/15\/la-palabra-del-ano-en-espanol-en-2021\/","og_locale":"es_ES","og_type":"article","og_title":"La palabra del a\u00f1o en espa\u00f1ol - Blog- vocabulario - Espa&ntilde;ol con Maite","og_description":"La palabra del a\u00f1o 2021 fue \"vacuna\", pero el castellano es una lengua en constante evoluci\u00f3n y cada d\u00eda a\u00f1adimos nuevas palabras.","og_url":"https:\/\/spanishwithmaite.com\/index.php\/2022\/06\/15\/la-palabra-del-ano-en-espanol-en-2021\/","og_site_name":"Espa&ntilde;ol con Maite","article_author":"https:\/\/www.facebook.com\/Maitespanish","article_published_time":"2022-06-15T09:17:22+00:00","og_image":[{"width":1500,"height":844,"url":"https:\/\/spanishwithmaite.com\/wp-content\/uploads\/2022\/06\/brano-QSuou3VAtf4-unsplash-1.jpg","type":"image\/jpeg"}],"author":"Maite","twitter_card":"summary_large_image","twitter_misc":{"Escrito por":"Maite","Tiempo de lectura":"3 minutos"},"schema":{"@context":"https:\/\/schema.org","@graph":[{"@type":"Article","@id":"https:\/\/spanishwithmaite.com\/index.php\/2022\/06\/15\/la-palabra-del-ano-en-espanol-en-2021\/#article","isPartOf":{"@id":"https:\/\/spanishwithmaite.com\/index.php\/2022\/06\/15\/la-palabra-del-ano-en-espanol-en-2021\/"},"author":{"name":"Maite","@id":"https:\/\/spanishwithmaite.com\/#\/schema\/person\/57a6106ecaeb16f9b499c127e26db16b"},"headline":"La palabra del a\u00f1o en espa\u00f1ol en 2021","datePublished":"2022-06-15T09:17:22+00:00","mainEntityOfPage":{"@id":"https:\/\/spanishwithmaite.com\/index.php\/2022\/06\/15\/la-palabra-del-ano-en-espanol-en-2021\/"},"wordCount":628,"commentCount":0,"publisher":{"@id":"https:\/\/spanishwithmaite.com\/#organization"},"image":{"@id":"https:\/\/spanishwithmaite.com\/index.php\/2022\/06\/15\/la-palabra-del-ano-en-espanol-en-2021\/#primaryimage"},"thumbnailUrl":"https:\/\/spanishwithmaite.com\/wp-content\/uploads\/2022\/06\/brano-QSuou3VAtf4-unsplash-1.jpg","keywords":["espa\u00f1ol","learningspanish","vocabulario"],"articleSection":["Learning Spanish"],"inLanguage":"es","potentialAction":[{"@type":"CommentAction","name":"Comment","target":["https:\/\/spanishwithmaite.com\/index.php\/2022\/06\/15\/la-palabra-del-ano-en-espanol-en-2021\/#respond"]}]},{"@type":"WebPage","@id":"https:\/\/spanishwithmaite.com\/index.php\/2022\/06\/15\/la-palabra-del-ano-en-espanol-en-2021\/","url":"https:\/\/spanishwithmaite.com\/index.php\/2022\/06\/15\/la-palabra-del-ano-en-espanol-en-2021\/","name":"La palabra del a\u00f1o en espa\u00f1ol - Blog- vocabulario - Espa&ntilde;ol con Maite","isPartOf":{"@id":"https:\/\/spanishwithmaite.com\/#website"},"primaryImageOfPage":{"@id":"https:\/\/spanishwithmaite.com\/index.php\/2022\/06\/15\/la-palabra-del-ano-en-espanol-en-2021\/#primaryimage"},"image":{"@id":"https:\/\/spanishwithmaite.com\/index.php\/2022\/06\/15\/la-palabra-del-ano-en-espanol-en-2021\/#primaryimage"},"thumbnailUrl":"https:\/\/spanishwithmaite.com\/wp-content\/uploads\/2022\/06\/brano-QSuou3VAtf4-unsplash-1.jpg","datePublished":"2022-06-15T09:17:22+00:00","description":"La palabra del a\u00f1o 2021 fue \"vacuna\", pero el castellano es una lengua en constante evoluci\u00f3n y cada d\u00eda a\u00f1adimos nuevas palabras.","breadcrumb":{"@id":"https:\/\/spanishwithmaite.com\/index.php\/2022\/06\/15\/la-palabra-del-ano-en-espanol-en-2021\/#breadcrumb"},"inLanguage":"es","potentialAction":[{"@type":"ReadAction","target":["https:\/\/spanishwithmaite.com\/index.php\/2022\/06\/15\/la-palabra-del-ano-en-espanol-en-2021\/"]}]},{"@type":"ImageObject","inLanguage":"es","@id":"https:\/\/spanishwithmaite.com\/index.php\/2022\/06\/15\/la-palabra-del-ano-en-espanol-en-2021\/#primaryimage","url":"https:\/\/spanishwithmaite.com\/wp-content\/uploads\/2022\/06\/brano-QSuou3VAtf4-unsplash-1.jpg","contentUrl":"https:\/\/spanishwithmaite.com\/wp-content\/uploads\/2022\/06\/brano-QSuou3VAtf4-unsplash-1.jpg","width":1500,"height":844,"caption":"La palabra del a\u00f1o en espa\u00f1ol"},{"@type":"BreadcrumbList","@id":"https:\/\/spanishwithmaite.com\/index.php\/2022\/06\/15\/la-palabra-del-ano-en-espanol-en-2021\/#breadcrumb","itemListElement":[{"@type":"ListItem","position":1,"name":"Portada","item":"https:\/\/spanishwithmaite.com\/"},{"@type":"ListItem","position":2,"name":"La palabra del a\u00f1o en espa\u00f1ol en 2021"}]},{"@type":"WebSite","@id":"https:\/\/spanishwithmaite.com\/#website","url":"https:\/\/spanishwithmaite.com\/","name":"Espa&ntilde;ol con Maite","description":"Blog para aprender y practicar espa&ntilde;ol","publisher":{"@id":"https:\/\/spanishwithmaite.com\/#organization"},"potentialAction":[{"@type":"SearchAction","target":{"@type":"EntryPoint","urlTemplate":"https:\/\/spanishwithmaite.com\/?s={search_term_string}"},"query-input":{"@type":"PropertyValueSpecification","valueRequired":true,"valueName":"search_term_string"}}],"inLanguage":"es"},{"@type":"Organization","@id":"https:\/\/spanishwithmaite.com\/#organization","name":"Espa&ntilde;ol con Maite","url":"https:\/\/spanishwithmaite.com\/","logo":{"@type":"ImageObject","inLanguage":"es","@id":"https:\/\/spanishwithmaite.com\/#\/schema\/logo\/image\/","url":"https:\/\/spanishwithmaite.com\/wp-content\/uploads\/2022\/05\/Black-and-White-Minimalist-Initials-Logo-Template.png","contentUrl":"https:\/\/spanishwithmaite.com\/wp-content\/uploads\/2022\/05\/Black-and-White-Minimalist-Initials-Logo-Template.png","width":500,"height":500,"caption":"Espa&ntilde;ol con Maite"},"image":{"@id":"https:\/\/spanishwithmaite.com\/#\/schema\/logo\/image\/"}},{"@type":"Person","@id":"https:\/\/spanishwithmaite.com\/#\/schema\/person\/57a6106ecaeb16f9b499c127e26db16b","name":"Maite","image":{"@type":"ImageObject","inLanguage":"es","@id":"https:\/\/spanishwithmaite.com\/#\/schema\/person\/image\/","url":"https:\/\/spanishwithmaite.com\/wp-content\/litespeed\/avatar\/ef7e1d8168406add71a946ee89fb0028.jpg?ver=1777543641","contentUrl":"https:\/\/spanishwithmaite.com\/wp-content\/litespeed\/avatar\/ef7e1d8168406add71a946ee89fb0028.jpg?ver=1777543641","caption":"Maite"},"description":"Licenciada en filolog\u00eda espa\u00f1ola. Correctora de estilo literario. Redactora de contenidos. Copywritter y profesora de espa\u00f1ol para extranjeros.","sameAs":["https:\/\/xn--espaolconmaite-tnb.com","https:\/\/www.facebook.com\/Maitespanish","https:\/\/www.instagram.com\/espanol_conmaite\/"],"url":"https:\/\/spanishwithmaite.com\/index.php\/author\/admin\/"}]}},"_links":{"self":[{"href":"https:\/\/spanishwithmaite.com\/index.php\/wp-json\/wp\/v2\/posts\/724","targetHints":{"allow":["GET"]}}],"collection":[{"href":"https:\/\/spanishwithmaite.com\/index.php\/wp-json\/wp\/v2\/posts"}],"about":[{"href":"https:\/\/spanishwithmaite.com\/index.php\/wp-json\/wp\/v2\/types\/post"}],"author":[{"embeddable":true,"href":"https:\/\/spanishwithmaite.com\/index.php\/wp-json\/wp\/v2\/users\/1"}],"replies":[{"embeddable":true,"href":"https:\/\/spanishwithmaite.com\/index.php\/wp-json\/wp\/v2\/comments?post=724"}],"version-history":[{"count":11,"href":"https:\/\/spanishwithmaite.com\/index.php\/wp-json\/wp\/v2\/posts\/724\/revisions"}],"predecessor-version":[{"id":737,"href":"https:\/\/spanishwithmaite.com\/index.php\/wp-json\/wp\/v2\/posts\/724\/revisions\/737"}],"wp:featuredmedia":[{"embeddable":true,"href":"https:\/\/spanishwithmaite.com\/index.php\/wp-json\/wp\/v2\/media\/735"}],"wp:attachment":[{"href":"https:\/\/spanishwithmaite.com\/index.php\/wp-json\/wp\/v2\/media?parent=724"}],"wp:term":[{"taxonomy":"category","embeddable":true,"href":"https:\/\/spanishwithmaite.com\/index.php\/wp-json\/wp\/v2\/categories?post=724"},{"taxonomy":"post_tag","embeddable":true,"href":"https:\/\/spanishwithmaite.com\/index.php\/wp-json\/wp\/v2\/tags?post=724"}],"curies":[{"name":"wp","href":"https:\/\/api.w.org\/{rel}","templated":true}]}}